[{"@context":"https:\/\/schema.org\/","@type":"Article","@id":"https:\/\/www.megas-p.cz\/proc-je-v-ucetnich-firmach-tak-dulezita-ochrana-osobnich-udaju\/#Article","mainEntityOfPage":"https:\/\/www.megas-p.cz\/proc-je-v-ucetnich-firmach-tak-dulezita-ochrana-osobnich-udaju\/","headline":"Pro\u010d je v \u00fa\u010detn\u00edch firm\u00e1ch tak d\u016fle\u017eit\u00e1 ochrana osobn\u00edch \u00fadaj\u016f","name":"Pro\u010d je v \u00fa\u010detn\u00edch firm\u00e1ch tak d\u016fle\u017eit\u00e1 ochrana osobn\u00edch \u00fadaj\u016f","description":"Mnoho fyzick\u00fdch, a p\u0159edev\u0161\u00edm pr\u00e1vnick\u00fdch osob sv\u011b\u0159uje sv\u00e9 \u00fa\u010detnictv\u00ed extern\u00edm \u00fa\u010detn\u00edm firm\u00e1m. Tak maj\u00ed jistotu, \u017ee v\u0161e bude v naprost\u00e9m po\u0159\u00e1dku a \u017ee nebudou m\u00edt&hellip;","datePublished":"2022-03-31","dateModified":"2023-05-03","author":{"@type":"Person","@id":"https:\/\/www.megas-p.cz\/author\/#Person","name":"","url":"https:\/\/www.megas-p.cz\/author\/","identifier":1,"image":{"@type":"ImageObject","@id":"https:\/\/secure.gravatar.com\/avatar\/56990d361a15c60249588fcd5c65556d1c39f993ac5e20b5abce42fd817b46e8?s=96&d=mm&r=g","url":"https:\/\/secure.gravatar.com\/avatar\/56990d361a15c60249588fcd5c65556d1c39f993ac5e20b5abce42fd817b46e8?s=96&d=mm&r=g","height":96,"width":96}},"publisher":{"@type":"Organization","name":"megas-p.cz","logo":{"@type":"ImageObject","@id":"\/logo.png","url":"\/logo.png","width":600,"height":60}},"image":{"@type":"ImageObject","@id":"https:\/\/www.megas-p.cz\/wp-content\/uploads\/gdpr2_6.jpg","url":"https:\/\/www.megas-p.cz\/wp-content\/uploads\/gdpr2_6.jpg","height":0,"width":0},"url":"https:\/\/www.megas-p.cz\/proc-je-v-ucetnich-firmach-tak-dulezita-ochrana-osobnich-udaju\/","about":["Produkty"],"wordCount":430,"articleBody":"   Mnoho fyzick\u00fdch, a p\u0159edev\u0161\u00edm pr\u00e1vnick\u00fdch osob sv\u011b\u0159uje sv\u00e9 \u00fa\u010detnictv\u00ed extern\u00edm \u00fa\u010detn\u00edm firm\u00e1m. Tak maj\u00ed jistotu, \u017ee v\u0161e bude v naprost\u00e9m po\u0159\u00e1dku a \u017ee nebudou m\u00edt \u017e\u00e1dn\u00e9 probl\u00e9my. P\u0159itom se ov\u0161em spol\u00e9haj\u00ed na to, \u017ee bude dodr\u017eov\u00e1na ochrana osobn\u00edch \u00fadaj\u016f https:\/\/www.goodjump.cz\/gdpr.Ta byla v relativn\u011b ned\u00e1vn\u00e9 dob\u011b pos\u00edlena implementac\u00ed evropsk\u00e9 sm\u011brnice GDPR, a pom\u00e1h\u00e1 zabr\u00e1nit tomu, aby byly \u00fadaje o fyzick\u00e9 nebo pr\u00e1vnick\u00e9 osob\u011b ve\u0159ejn\u011b dostupn\u00e9 a zneu\u017eiteln\u00e9. Mnoho lid\u00ed ji pova\u017euje za samoz\u0159ejmost, av\u0161ak tak tomu rozhodn\u011b nen\u00ed. I z\u00e1kon se na to tak d\u00edv\u00e1.T\u00edm hlavn\u00edm d\u016fvodem, pro\u010d je v\u016fbec nakl\u00e1d\u00e1n\u00ed s osobn\u00edmi \u00fadaji upraveno z\u00e1konem je fakt, \u017ee n\u011bkter\u00e9 z nich lze snadno zneu\u017e\u00edt. Jedn\u00e1 se nap\u0159\u00edklad o rodn\u00e9 \u010d\u00edslo, d\u00edky kter\u00e9mu by bylo mo\u017en\u00e9 si nap\u0159\u00edklad vz\u00edt na jm\u00e9no dan\u00e9 osoby p\u016fj\u010dku, kterou bychom n\u00e1sledn\u011b nespl\u00e1celi.Je tak\u00e9 pravdou, \u017ee pr\u00e1v\u011b \u00fa\u010detn\u00ed s t\u011bmito \u00fadaji hodn\u011b pracuj\u00ed. Maj\u00ed nutn\u011b dobr\u00fd p\u0159ehled nejen o sou\u010dasn\u00e9m stavu financ\u00ed klienta, ale tak\u00e9 o tom, s k\u00fdm nej\u010dast\u011bji obchoduje, v jak\u00e9m objemu a v jak\u00fdch intervalech. A toho by se dalo dob\u0159e zneu\u017e\u00edt p\u0159i konkuren\u010dn\u00edm boji.Toto v\u0161e se samoz\u0159ejm\u011b net\u00fdk\u00e1 jen \u00fa\u010detn\u00edch firem, ale ve\u0161ker\u00fdch instituc\u00ed, a\u0165 u\u017e vl\u00e1dn\u00edch \u010di soukrom\u00fdch, kter\u00e9 s t\u011bmito \u00fadaji pracuj\u00ed. Ka\u017ed\u00fd z nich m\u00e1 samoz\u0159ejm\u011b sv\u00e1 specifick\u00e1 pravidla, jak s nimi nakl\u00e1dat, poplatn\u00e1 jejich funkci. Spole\u010dn\u00fdm c\u00edlem je v\u0161ak zabr\u00e1nit, aby se dostaly do nepovolan\u00fdch rukou.Asi nejsnaz\u0161\u00edm a nejb\u011b\u017en\u011bj\u0161\u00edm zp\u016fsobem, jak toho dos\u00e1hnout, je to, aby je vid\u011blo co nejmen\u0161\u00ed mno\u017estv\u00ed lid\u00ed. Proto je zna\u010dn\u011b omezeno jejich p\u0159ed\u00e1v\u00e1n\u00ed jak mezi jednotliv\u00fdmi zam\u011bstnanci, jak i mezi odd\u011blen\u00edmi.Je samoz\u0159ejm\u011b jasn\u00e9, \u017ee chyby se mohou st\u00e1t. Av\u0161ak ka\u017ed\u00fd takov\u00fd p\u0159\u00edpad je zna\u010dn\u011b medializov\u00e1n a vin\u00edk v\u017edy potrest\u00e1n. Proto je pochopiteln\u00e9, \u017ee si zam\u011bstnanci d\u00e1vaj\u00ed dobr\u00fd pozor na to, aby se n\u011bco takov\u00e9ho nestalo pr\u00e1v\u011b jim. Ty probl\u00e9my, kter\u00e9 by z toho m\u011bli, jim za to skute\u010dn\u011b nestoj\u00ed.                                                                                                                                                                                                                                                                                                                                                                                          4.2\/5 - (5 votes)        "},{"@context":"https:\/\/schema.org\/","@type":"BreadcrumbList","itemListElement":[{"@type":"ListItem","position":1,"name":"Pro\u010d je v \u00fa\u010detn\u00edch firm\u00e1ch tak d\u016fle\u017eit\u00e1 ochrana osobn\u00edch \u00fadaj\u016f","item":"https:\/\/www.megas-p.cz\/proc-je-v-ucetnich-firmach-tak-dulezita-ochrana-osobnich-udaju\/#breadcrumbitem"}]}]