[{"@context":"https:\/\/schema.org\/","@type":"Article","@id":"https:\/\/www.megas-p.cz\/cena-balkonovych-dveri\/#Article","mainEntityOfPage":"https:\/\/www.megas-p.cz\/cena-balkonovych-dveri\/","headline":"Cena balkonov\u00fdch dve\u0159\u00ed","name":"Cena balkonov\u00fdch dve\u0159\u00ed","description":"Balk\u00f3nov\u00e9 dve\u0159e maj\u00ed pro m\u011b v\u017edycky takov\u00fd zvl\u00e1\u0161tn\u00ed kouzlo, kter\u00e9 nejde \u00fapln\u011b popsat, ale \u010dlov\u011bk ho c\u00edt\u00ed poka\u017ed\u00e9, kdy\u017e je otev\u0159e. Nejsou to jen oby\u010dejn\u00e9&hellip;","datePublished":"2025-07-01","dateModified":"2025-07-01","author":{"@type":"Person","@id":"https:\/\/www.megas-p.cz\/author\/#Person","name":"","url":"https:\/\/www.megas-p.cz\/author\/","identifier":1,"image":{"@type":"ImageObject","@id":"https:\/\/secure.gravatar.com\/avatar\/56990d361a15c60249588fcd5c65556d1c39f993ac5e20b5abce42fd817b46e8?s=96&d=mm&r=g","url":"https:\/\/secure.gravatar.com\/avatar\/56990d361a15c60249588fcd5c65556d1c39f993ac5e20b5abce42fd817b46e8?s=96&d=mm&r=g","height":96,"width":96}},"publisher":{"@type":"Organization","name":"megas-p.cz","logo":{"@type":"ImageObject","@id":"\/logo.png","url":"\/logo.png","width":600,"height":60}},"image":{"@type":"ImageObject","@id":"https:\/\/www.megas-p.cz\/wp-content\/uploads\/dr_2.jpg","url":"https:\/\/www.megas-p.cz\/wp-content\/uploads\/dr_2.jpg","height":0,"width":0},"url":"https:\/\/www.megas-p.cz\/cena-balkonovych-dveri\/","about":["Produkty"],"wordCount":452,"articleBody":"        Balk\u00f3nov\u00e9 dve\u0159e maj\u00ed pro m\u011b v\u017edycky takov\u00fd zvl\u00e1\u0161tn\u00ed kouzlo, kter\u00e9 nejde \u00fapln\u011b popsat, ale \u010dlov\u011bk ho c\u00edt\u00ed poka\u017ed\u00e9, kdy\u017e je otev\u0159e. Nejsou to jen oby\u010dejn\u00e9 dve\u0159e, co vedou ven, je to vlastn\u011b takov\u00e1 br\u00e1na mezi tv\u00fdm bezpe\u010dn\u00fdm a \u00fatuln\u00fdm domovem a sv\u011btem tam venku. A\u0165 u\u017e bydl\u00ed\u0161 ve m\u011bst\u011b, nebo n\u011bkde na vesnici, ten okam\u017eik, kdy r\u00e1no vezme\u0161 za kliku, otev\u0159e\u0161 je doko\u0159\u00e1n a pust\u00ed\u0161 dovnit\u0159 \u010derstv\u00fd vzduch, je prost\u011b nenahraditeln\u00fd. Najednou sly\u0161\u00ed\u0161 zvuky, kter\u00e9 ti hned p\u0159ipomenou, \u017ee \u017eivot b\u011b\u017e\u00ed i venku, zp\u011bv pt\u00e1k\u016f, vzd\u00e1len\u00fd \u0161um aut nebo t\u0159eba jen list\u00ed, kter\u00e9 si pohr\u00e1v\u00e1 s v\u011btrem. A to v\u0161echno t\u011b na p\u00e1r vte\u0159in vytrhne z toho, \u017ee jsi doma mezi \u010dty\u0159mi st\u011bnami. Je jedno, jestli m\u00e1\u0161 jen mal\u00fd balkon v byt\u011b, kde ti v truhl\u00edk\u00e1ch kvetou mu\u0161k\u00e1ty a bylinky, nebo obrovskou terasu, ze kter\u00e9 vid\u00ed\u0161 na celou zahradu. Balk\u00f3nov\u00e9 dve\u0159e dok\u00e1\u017eou ob\u011b tyhle varianty prom\u011bnit v n\u011bco, co ti dod\u00e1v\u00e1 pocit volnosti. A je fajn, \u017ee krom\u011b toho, \u017ee vypadaj\u00ed kr\u00e1sn\u011b, jsou i praktick\u00e9, vyv\u011btrat m\u00edstnost je ot\u00e1zka p\u00e1r sekund, a kdy\u017e si zvol\u00ed\u0161 prosklen\u00e9, m\u00e1\u0161 doma hned v\u00edc sv\u011btla a prostoru. Na v\u00fdb\u011bru ale z\u00e1le\u017e\u00ed v\u00edc, ne\u017e si mnoz\u00ed mysl\u00ed. Klasick\u00e9 dvouk\u0159\u00eddl\u00e9 balk\u00f3nov\u00e9 dve\u0159e maj\u00ed po\u0159\u00e1d svoje kouzlo, otev\u00edr\u00e1\u0161 je a m\u00e1\u0161 pocit, \u017ee t\u011b zvou ven. Na druhou stranu posuvn\u00e9 dve\u0159e p\u016fsob\u00ed modern\u011b, \u0161et\u0159\u00ed m\u00edsto a p\u016fsob\u00ed vzdu\u0161n\u011b, co\u017e se hod\u00ed hlavn\u011b tam, kde chce\u0161 propojit interi\u00e9r s terasou nebo zahradou. A pak jsou tu ty detaily, kter\u00e9 mo\u017en\u00e1 na prvn\u00ed pohled p\u0159ehl\u00e9dne\u0161, ale pozn\u00e1\u0161 je v zim\u011b nebo v l\u00e9t\u011b, kvalitn\u00ed t\u011bsn\u011bn\u00ed, dobr\u00fd r\u00e1m a celkov\u00e9 zpracov\u00e1n\u00ed. To rozhoduje o tom, jestli ti v lednu nefouk\u00e1 chlad do m\u00edstnosti a v \u010dervenci se ti horko nedere dovnit\u0159. Mn\u011b osobn\u011b se l\u00edb\u00ed, \u017ee balk\u00f3nov\u00e9 dve\u0159e jsou n\u011bco, co pou\u017e\u00edv\u00e1\u0161 ka\u017ed\u00fd den, a p\u0159esto t\u011b neomrz\u00ed. A pokud bych m\u011bl n\u011bkomu poradit, kde takov\u00e9 dve\u0159e vyb\u00edrat, rozhodn\u011b bych doporu\u010dil firmu Domo okna, d\u011blaj\u00ed kr\u00e1snou a kvalitn\u00ed pr\u00e1ci, um\u00ed poradit, a hlavn\u011b rozum\u00ed tomu, \u017ee dve\u0159e nejsou jen technick\u00fd prvek, ale sou\u010d\u00e1st domova, kter\u00e1 m\u00e1 d\u011blat radost spoustu let. No a balk\u00f3nov\u00e9 dve\u0159e a cena, to se dohled\u00e1 na str\u00e1nk\u00e1ch domo-okna.cz.                                                                                                                                                                                                                                                                                                                                                                                          3.7\/5 - (3 votes)        "},{"@context":"https:\/\/schema.org\/","@type":"BreadcrumbList","itemListElement":[{"@type":"ListItem","position":1,"name":"Cena balkonov\u00fdch dve\u0159\u00ed","item":"https:\/\/www.megas-p.cz\/cena-balkonovych-dveri\/#breadcrumbitem"}]}]